{"id":2096,"date":"2020-03-17T13:21:09","date_gmt":"2020-03-17T11:21:09","guid":{"rendered":"https:\/\/www.forchem.com\/?p=2096"},"modified":"2025-06-12T12:55:22","modified_gmt":"2025-06-12T09:55:22","slug":"earth-hour-forchem-sammuttaa-valot-ympariston-puolesta","status":"publish","type":"post","link":"https:\/\/www.forchem.com\/fi\/forchem-uutiset\/earth-hour-forchem-sammuttaa-valot-ympariston-puolesta\/","title":{"rendered":"Earth Hour \u2013 Forchem sammuttaa valot ymp\u00e4rist\u00f6n puolesta 28.3.2020"},"content":{"rendered":"<p>Forhcem haluaa j\u00e4lleen olla osa globaalia ymp\u00e4rist\u00f6tekoa \u2013 Earth Houria. Vuodesta 2007 asti vietetty kansainv\u00e4linen ruohonjuuritasolta ponnistanut liike on vakiinnuttanut paikkansa osana my\u00f6s Forchemin arkea.<\/p>\n<p>Talvi 2020 oli Suomen historian l\u00e4mpimin vuosikymmeneen. Globaalisti keskil\u00e4mp\u00f6tilat ovat nousseet kaikkialla. Toimet ilmastonmuutoksen ja globaalin l\u00e4mpenemisen pys\u00e4ytt\u00e4miseksi vaativat sek\u00e4 suuria ett\u00e4 pieni\u00e4 tekoja.<\/p>\n<p>Yhteis\u00f6n ja yksil\u00f6n valinta v\u00e4hent\u00e4\u00e4 kulutusta symboloivat Earth Hour -tapahtumaa. Yksitt\u00e4isten ihmisten, valtioiden ja yritysten yhteinen ponnistus sammuttaa valot tunniksi synnytt\u00e4\u00e4 t\u00e4rke\u00e4\u00e4 tietoisuutta ja konkreettisia toimenpiteit\u00e4.<br \/>\nForchem on ylpe\u00e4n\u00e4 mukana sammuttamassa valot Earth Hourin puolesta lauanaina 28.3.2020 klo 20.30<\/p>\n<p>&nbsp;<\/p>\n<p>Lis\u00e4tietoja:<br \/>\nlaura.kaskinen@forchem.com<br \/>\n<a class=\"c-link\" href=\"tel:+358503104402\" target=\"_blank\" rel=\"noopener noreferrer\" aria-describedby=\"slack-kit-tooltip\">+358 50 3104 402<\/a><\/p>\n","protected":false},"excerpt":{"rendered":"<p>Forhcem haluaa j\u00e4lleen olla osa globaalia ymp\u00e4rist\u00f6tekoa \u2013 Earth Houria. Vuodesta 2007 asti vietetty kansainv\u00e4linen ruohonjuuritasolta ponnistanut liike on vakiinnuttanut paikkansa osana my\u00f6s Forchemin arkea. Talvi 2020 oli Suomen historian l\u00e4mpimin vuosikymmeneen. Globaalisti keskil\u00e4mp\u00f6tilat ovat nousseet kaikkialla. Toimet ilmastonmuutoksen ja globaalin l\u00e4mpenemisen pys\u00e4ytt\u00e4miseksi vaativat sek\u00e4 suuria ett\u00e4 pieni\u00e4 tekoja. Yhteis\u00f6n ja yksil\u00f6n valinta v\u00e4hent\u00e4\u00e4 kulutusta&hellip;<\/p>\n","protected":false},"author":5,"featured_media":1482,"comment_status":"open","ping_status":"open","sticky":false,"template":"","format":"standard","meta":{"_acf_changed":false,"footnotes":""},"categories":[19],"tags":[],"class_list":["post-2096","post","type-post","status-publish","format-standard","has-post-thumbnail","hentry","category-forchem-uutiset"],"acf":[],"yoast_head":"<!-- This site is optimized with the Yoast SEO plugin v26.7 - https:\/\/yoast.com\/wordpress\/plugins\/seo\/ -->\n<title>Earth Hour \u2013 Forchem sammuttaa valot ymp\u00e4rist\u00f6n puolesta 28.3.2020 - Forchem<\/title>\n<meta name=\"robots\" content=\"index, follow, max-snippet:-1, max-image-preview:large, max-video-preview:-1\" \/>\n<link rel=\"canonical\" href=\"https:\/\/www.forchem.com\/fi\/forchem-uutiset\/earth-hour-forchem-sammuttaa-valot-ympariston-puolesta\/\" \/>\n<meta property=\"og:locale\" content=\"fi_FI\" \/>\n<meta property=\"og:type\" content=\"article\" \/>\n<meta property=\"og:title\" content=\"Earth Hour \u2013 Forchem sammuttaa valot ymp\u00e4rist\u00f6n puolesta 28.3.2020 - Forchem\" \/>\n<meta property=\"og:description\" content=\"Forhcem haluaa j\u00e4lleen olla osa globaalia ymp\u00e4rist\u00f6tekoa \u2013 Earth Houria. Vuodesta 2007 asti vietetty kansainv\u00e4linen ruohonjuuritasolta ponnistanut liike on vakiinnuttanut paikkansa osana my\u00f6s Forchemin arkea. Talvi 2020 oli Suomen historian l\u00e4mpimin vuosikymmeneen. Globaalisti keskil\u00e4mp\u00f6tilat ovat nousseet kaikkialla. Toimet ilmastonmuutoksen ja globaalin l\u00e4mpenemisen pys\u00e4ytt\u00e4miseksi vaativat sek\u00e4 suuria ett\u00e4 pieni\u00e4 tekoja. Yhteis\u00f6n ja yksil\u00f6n valinta v\u00e4hent\u00e4\u00e4 kulutusta&hellip;\" \/>\n<meta property=\"og:url\" content=\"https:\/\/www.forchem.com\/fi\/forchem-uutiset\/earth-hour-forchem-sammuttaa-valot-ympariston-puolesta\/\" \/>\n<meta property=\"og:site_name\" content=\"Forchem\" \/>\n<meta property=\"article:published_time\" content=\"2020-03-17T11:21:09+00:00\" \/>\n<meta property=\"article:modified_time\" content=\"2025-06-12T09:55:22+00:00\" \/>\n<meta property=\"og:image\" content=\"https:\/\/www.forchem.com\/wp-content\/uploads\/2019\/11\/innovationsub-1200.jpg\" \/>\n\t<meta property=\"og:image:width\" content=\"1200\" \/>\n\t<meta property=\"og:image:height\" content=\"793\" \/>\n\t<meta property=\"og:image:type\" content=\"image\/jpeg\" \/>\n<meta name=\"author\" content=\"Valentina La Fiura\" \/>\n<meta name=\"twitter:card\" content=\"summary_large_image\" \/>\n<meta name=\"twitter:label1\" content=\"Kirjoittanut\" \/>\n\t<meta name=\"twitter:data1\" content=\"Valentina La Fiura\" \/>\n\t<meta name=\"twitter:label2\" content=\"Arvioitu lukuaika\" \/>\n\t<meta name=\"twitter:data2\" content=\"1 minuutti\" \/>\n<script type=\"application\/ld+json\" class=\"yoast-schema-graph\">{\"@context\":\"https:\/\/schema.org\",\"@graph\":[{\"@type\":\"Article\",\"@id\":\"https:\/\/www.forchem.com\/fi\/forchem-uutiset\/earth-hour-forchem-sammuttaa-valot-ympariston-puolesta\/#article\",\"isPartOf\":{\"@id\":\"https:\/\/www.forchem.com\/fi\/forchem-uutiset\/earth-hour-forchem-sammuttaa-valot-ympariston-puolesta\/\"},\"author\":{\"name\":\"Valentina La Fiura\",\"@id\":\"https:\/\/www.forchem.com\/#\/schema\/person\/ab3e7f2d86869e427ecbca269113a163\"},\"headline\":\"Earth Hour \u2013 Forchem sammuttaa valot ymp\u00e4rist\u00f6n puolesta 28.3.2020\",\"datePublished\":\"2020-03-17T11:21:09+00:00\",\"dateModified\":\"2025-06-12T09:55:22+00:00\",\"mainEntityOfPage\":{\"@id\":\"https:\/\/www.forchem.com\/fi\/forchem-uutiset\/earth-hour-forchem-sammuttaa-valot-ympariston-puolesta\/\"},\"wordCount\":116,\"commentCount\":0,\"publisher\":{\"@id\":\"https:\/\/www.forchem.com\/#organization\"},\"image\":{\"@id\":\"https:\/\/www.forchem.com\/fi\/forchem-uutiset\/earth-hour-forchem-sammuttaa-valot-ympariston-puolesta\/#primaryimage\"},\"thumbnailUrl\":\"https:\/\/www.forchem.com\/wp-content\/uploads\/2019\/11\/innovationsub-1200.jpg\",\"articleSection\":[\"Forchem uutiset\"],\"inLanguage\":\"fi\",\"potentialAction\":[{\"@type\":\"CommentAction\",\"name\":\"Comment\",\"target\":[\"https:\/\/www.forchem.com\/fi\/forchem-uutiset\/earth-hour-forchem-sammuttaa-valot-ympariston-puolesta\/#respond\"]}]},{\"@type\":\"WebPage\",\"@id\":\"https:\/\/www.forchem.com\/fi\/forchem-uutiset\/earth-hour-forchem-sammuttaa-valot-ympariston-puolesta\/\",\"url\":\"https:\/\/www.forchem.com\/fi\/forchem-uutiset\/earth-hour-forchem-sammuttaa-valot-ympariston-puolesta\/\",\"name\":\"Earth Hour \u2013 Forchem sammuttaa valot ymp\u00e4rist\u00f6n puolesta 28.3.2020 - Forchem\",\"isPartOf\":{\"@id\":\"https:\/\/www.forchem.com\/#website\"},\"primaryImageOfPage\":{\"@id\":\"https:\/\/www.forchem.com\/fi\/forchem-uutiset\/earth-hour-forchem-sammuttaa-valot-ympariston-puolesta\/#primaryimage\"},\"image\":{\"@id\":\"https:\/\/www.forchem.com\/fi\/forchem-uutiset\/earth-hour-forchem-sammuttaa-valot-ympariston-puolesta\/#primaryimage\"},\"thumbnailUrl\":\"https:\/\/www.forchem.com\/wp-content\/uploads\/2019\/11\/innovationsub-1200.jpg\",\"datePublished\":\"2020-03-17T11:21:09+00:00\",\"dateModified\":\"2025-06-12T09:55:22+00:00\",\"breadcrumb\":{\"@id\":\"https:\/\/www.forchem.com\/fi\/forchem-uutiset\/earth-hour-forchem-sammuttaa-valot-ympariston-puolesta\/#breadcrumb\"},\"inLanguage\":\"fi\",\"potentialAction\":[{\"@type\":\"ReadAction\",\"target\":[\"https:\/\/www.forchem.com\/fi\/forchem-uutiset\/earth-hour-forchem-sammuttaa-valot-ympariston-puolesta\/\"]}]},{\"@type\":\"ImageObject\",\"inLanguage\":\"fi\",\"@id\":\"https:\/\/www.forchem.com\/fi\/forchem-uutiset\/earth-hour-forchem-sammuttaa-valot-ympariston-puolesta\/#primaryimage\",\"url\":\"https:\/\/www.forchem.com\/wp-content\/uploads\/2019\/11\/innovationsub-1200.jpg\",\"contentUrl\":\"https:\/\/www.forchem.com\/wp-content\/uploads\/2019\/11\/innovationsub-1200.jpg\",\"width\":1200,\"height\":793},{\"@type\":\"BreadcrumbList\",\"@id\":\"https:\/\/www.forchem.com\/fi\/forchem-uutiset\/earth-hour-forchem-sammuttaa-valot-ympariston-puolesta\/#breadcrumb\",\"itemListElement\":[{\"@type\":\"ListItem\",\"position\":1,\"name\":\"Home\",\"item\":\"https:\/\/www.forchem.com\/fi\/\"},{\"@type\":\"ListItem\",\"position\":2,\"name\":\"Earth Hour \u2013 Forchem sammuttaa valot ymp\u00e4rist\u00f6n puolesta 28.3.2020\"}]},{\"@type\":\"WebSite\",\"@id\":\"https:\/\/www.forchem.com\/#website\",\"url\":\"https:\/\/www.forchem.com\/\",\"name\":\"Forchem\",\"description\":\"Forchem website\",\"publisher\":{\"@id\":\"https:\/\/www.forchem.com\/#organization\"},\"potentialAction\":[{\"@type\":\"SearchAction\",\"target\":{\"@type\":\"EntryPoint\",\"urlTemplate\":\"https:\/\/www.forchem.com\/?s={search_term_string}\"},\"query-input\":{\"@type\":\"PropertyValueSpecification\",\"valueRequired\":true,\"valueName\":\"search_term_string\"}}],\"inLanguage\":\"fi\"},{\"@type\":\"Organization\",\"@id\":\"https:\/\/www.forchem.com\/#organization\",\"name\":\"Forchem\",\"url\":\"https:\/\/www.forchem.com\/\",\"logo\":{\"@type\":\"ImageObject\",\"inLanguage\":\"fi\",\"@id\":\"https:\/\/www.forchem.com\/#\/schema\/logo\/image\/\",\"url\":\"https:\/\/www.forchem.com\/wp-content\/uploads\/2019\/12\/Forchem_logo_black.png\",\"contentUrl\":\"https:\/\/www.forchem.com\/wp-content\/uploads\/2019\/12\/Forchem_logo_black.png\",\"width\":1417,\"height\":565,\"caption\":\"Forchem\"},\"image\":{\"@id\":\"https:\/\/www.forchem.com\/#\/schema\/logo\/image\/\"}},{\"@type\":\"Person\",\"@id\":\"https:\/\/www.forchem.com\/#\/schema\/person\/ab3e7f2d86869e427ecbca269113a163\",\"name\":\"Valentina La Fiura\",\"image\":{\"@type\":\"ImageObject\",\"inLanguage\":\"fi\",\"@id\":\"https:\/\/www.forchem.com\/#\/schema\/person\/image\/\",\"url\":\"https:\/\/secure.gravatar.com\/avatar\/b2e62aeb17da8ebbaec0645c80d91406221357bc59d2d49d439c0d5e4fdf2601?s=96&d=mm&r=g\",\"contentUrl\":\"https:\/\/secure.gravatar.com\/avatar\/b2e62aeb17da8ebbaec0645c80d91406221357bc59d2d49d439c0d5e4fdf2601?s=96&d=mm&r=g\",\"caption\":\"Valentina La Fiura\"}}]}<\/script>\n<!-- \/ Yoast SEO plugin. -->","yoast_head_json":{"title":"Earth Hour \u2013 Forchem sammuttaa valot ymp\u00e4rist\u00f6n puolesta 28.3.2020 - Forchem","robots":{"index":"index","follow":"follow","max-snippet":"max-snippet:-1","max-image-preview":"max-image-preview:large","max-video-preview":"max-video-preview:-1"},"canonical":"https:\/\/www.forchem.com\/fi\/forchem-uutiset\/earth-hour-forchem-sammuttaa-valot-ympariston-puolesta\/","og_locale":"fi_FI","og_type":"article","og_title":"Earth Hour \u2013 Forchem sammuttaa valot ymp\u00e4rist\u00f6n puolesta 28.3.2020 - Forchem","og_description":"Forhcem haluaa j\u00e4lleen olla osa globaalia ymp\u00e4rist\u00f6tekoa \u2013 Earth Houria. Vuodesta 2007 asti vietetty kansainv\u00e4linen ruohonjuuritasolta ponnistanut liike on vakiinnuttanut paikkansa osana my\u00f6s Forchemin arkea. Talvi 2020 oli Suomen historian l\u00e4mpimin vuosikymmeneen. Globaalisti keskil\u00e4mp\u00f6tilat ovat nousseet kaikkialla. Toimet ilmastonmuutoksen ja globaalin l\u00e4mpenemisen pys\u00e4ytt\u00e4miseksi vaativat sek\u00e4 suuria ett\u00e4 pieni\u00e4 tekoja. Yhteis\u00f6n ja yksil\u00f6n valinta v\u00e4hent\u00e4\u00e4 kulutusta&hellip;","og_url":"https:\/\/www.forchem.com\/fi\/forchem-uutiset\/earth-hour-forchem-sammuttaa-valot-ympariston-puolesta\/","og_site_name":"Forchem","article_published_time":"2020-03-17T11:21:09+00:00","article_modified_time":"2025-06-12T09:55:22+00:00","og_image":[{"width":1200,"height":793,"url":"https:\/\/www.forchem.com\/wp-content\/uploads\/2019\/11\/innovationsub-1200.jpg","type":"image\/jpeg"}],"author":"Valentina La Fiura","twitter_card":"summary_large_image","twitter_misc":{"Kirjoittanut":"Valentina La Fiura","Arvioitu lukuaika":"1 minuutti"},"schema":{"@context":"https:\/\/schema.org","@graph":[{"@type":"Article","@id":"https:\/\/www.forchem.com\/fi\/forchem-uutiset\/earth-hour-forchem-sammuttaa-valot-ympariston-puolesta\/#article","isPartOf":{"@id":"https:\/\/www.forchem.com\/fi\/forchem-uutiset\/earth-hour-forchem-sammuttaa-valot-ympariston-puolesta\/"},"author":{"name":"Valentina La Fiura","@id":"https:\/\/www.forchem.com\/#\/schema\/person\/ab3e7f2d86869e427ecbca269113a163"},"headline":"Earth Hour \u2013 Forchem sammuttaa valot ymp\u00e4rist\u00f6n puolesta 28.3.2020","datePublished":"2020-03-17T11:21:09+00:00","dateModified":"2025-06-12T09:55:22+00:00","mainEntityOfPage":{"@id":"https:\/\/www.forchem.com\/fi\/forchem-uutiset\/earth-hour-forchem-sammuttaa-valot-ympariston-puolesta\/"},"wordCount":116,"commentCount":0,"publisher":{"@id":"https:\/\/www.forchem.com\/#organization"},"image":{"@id":"https:\/\/www.forchem.com\/fi\/forchem-uutiset\/earth-hour-forchem-sammuttaa-valot-ympariston-puolesta\/#primaryimage"},"thumbnailUrl":"https:\/\/www.forchem.com\/wp-content\/uploads\/2019\/11\/innovationsub-1200.jpg","articleSection":["Forchem uutiset"],"inLanguage":"fi","potentialAction":[{"@type":"CommentAction","name":"Comment","target":["https:\/\/www.forchem.com\/fi\/forchem-uutiset\/earth-hour-forchem-sammuttaa-valot-ympariston-puolesta\/#respond"]}]},{"@type":"WebPage","@id":"https:\/\/www.forchem.com\/fi\/forchem-uutiset\/earth-hour-forchem-sammuttaa-valot-ympariston-puolesta\/","url":"https:\/\/www.forchem.com\/fi\/forchem-uutiset\/earth-hour-forchem-sammuttaa-valot-ympariston-puolesta\/","name":"Earth Hour \u2013 Forchem sammuttaa valot ymp\u00e4rist\u00f6n puolesta 28.3.2020 - Forchem","isPartOf":{"@id":"https:\/\/www.forchem.com\/#website"},"primaryImageOfPage":{"@id":"https:\/\/www.forchem.com\/fi\/forchem-uutiset\/earth-hour-forchem-sammuttaa-valot-ympariston-puolesta\/#primaryimage"},"image":{"@id":"https:\/\/www.forchem.com\/fi\/forchem-uutiset\/earth-hour-forchem-sammuttaa-valot-ympariston-puolesta\/#primaryimage"},"thumbnailUrl":"https:\/\/www.forchem.com\/wp-content\/uploads\/2019\/11\/innovationsub-1200.jpg","datePublished":"2020-03-17T11:21:09+00:00","dateModified":"2025-06-12T09:55:22+00:00","breadcrumb":{"@id":"https:\/\/www.forchem.com\/fi\/forchem-uutiset\/earth-hour-forchem-sammuttaa-valot-ympariston-puolesta\/#breadcrumb"},"inLanguage":"fi","potentialAction":[{"@type":"ReadAction","target":["https:\/\/www.forchem.com\/fi\/forchem-uutiset\/earth-hour-forchem-sammuttaa-valot-ympariston-puolesta\/"]}]},{"@type":"ImageObject","inLanguage":"fi","@id":"https:\/\/www.forchem.com\/fi\/forchem-uutiset\/earth-hour-forchem-sammuttaa-valot-ympariston-puolesta\/#primaryimage","url":"https:\/\/www.forchem.com\/wp-content\/uploads\/2019\/11\/innovationsub-1200.jpg","contentUrl":"https:\/\/www.forchem.com\/wp-content\/uploads\/2019\/11\/innovationsub-1200.jpg","width":1200,"height":793},{"@type":"BreadcrumbList","@id":"https:\/\/www.forchem.com\/fi\/forchem-uutiset\/earth-hour-forchem-sammuttaa-valot-ympariston-puolesta\/#breadcrumb","itemListElement":[{"@type":"ListItem","position":1,"name":"Home","item":"https:\/\/www.forchem.com\/fi\/"},{"@type":"ListItem","position":2,"name":"Earth Hour \u2013 Forchem sammuttaa valot ymp\u00e4rist\u00f6n puolesta 28.3.2020"}]},{"@type":"WebSite","@id":"https:\/\/www.forchem.com\/#website","url":"https:\/\/www.forchem.com\/","name":"Forchem","description":"Forchem website","publisher":{"@id":"https:\/\/www.forchem.com\/#organization"},"potentialAction":[{"@type":"SearchAction","target":{"@type":"EntryPoint","urlTemplate":"https:\/\/www.forchem.com\/?s={search_term_string}"},"query-input":{"@type":"PropertyValueSpecification","valueRequired":true,"valueName":"search_term_string"}}],"inLanguage":"fi"},{"@type":"Organization","@id":"https:\/\/www.forchem.com\/#organization","name":"Forchem","url":"https:\/\/www.forchem.com\/","logo":{"@type":"ImageObject","inLanguage":"fi","@id":"https:\/\/www.forchem.com\/#\/schema\/logo\/image\/","url":"https:\/\/www.forchem.com\/wp-content\/uploads\/2019\/12\/Forchem_logo_black.png","contentUrl":"https:\/\/www.forchem.com\/wp-content\/uploads\/2019\/12\/Forchem_logo_black.png","width":1417,"height":565,"caption":"Forchem"},"image":{"@id":"https:\/\/www.forchem.com\/#\/schema\/logo\/image\/"}},{"@type":"Person","@id":"https:\/\/www.forchem.com\/#\/schema\/person\/ab3e7f2d86869e427ecbca269113a163","name":"Valentina La Fiura","image":{"@type":"ImageObject","inLanguage":"fi","@id":"https:\/\/www.forchem.com\/#\/schema\/person\/image\/","url":"https:\/\/secure.gravatar.com\/avatar\/b2e62aeb17da8ebbaec0645c80d91406221357bc59d2d49d439c0d5e4fdf2601?s=96&d=mm&r=g","contentUrl":"https:\/\/secure.gravatar.com\/avatar\/b2e62aeb17da8ebbaec0645c80d91406221357bc59d2d49d439c0d5e4fdf2601?s=96&d=mm&r=g","caption":"Valentina La Fiura"}}]}},"_links":{"self":[{"href":"https:\/\/www.forchem.com\/fi\/wp-json\/wp\/v2\/posts\/2096","targetHints":{"allow":["GET"]}}],"collection":[{"href":"https:\/\/www.forchem.com\/fi\/wp-json\/wp\/v2\/posts"}],"about":[{"href":"https:\/\/www.forchem.com\/fi\/wp-json\/wp\/v2\/types\/post"}],"author":[{"embeddable":true,"href":"https:\/\/www.forchem.com\/fi\/wp-json\/wp\/v2\/users\/5"}],"replies":[{"embeddable":true,"href":"https:\/\/www.forchem.com\/fi\/wp-json\/wp\/v2\/comments?post=2096"}],"version-history":[{"count":4,"href":"https:\/\/www.forchem.com\/fi\/wp-json\/wp\/v2\/posts\/2096\/revisions"}],"predecessor-version":[{"id":2138,"href":"https:\/\/www.forchem.com\/fi\/wp-json\/wp\/v2\/posts\/2096\/revisions\/2138"}],"wp:featuredmedia":[{"embeddable":true,"href":"https:\/\/www.forchem.com\/fi\/wp-json\/wp\/v2\/media\/1482"}],"wp:attachment":[{"href":"https:\/\/www.forchem.com\/fi\/wp-json\/wp\/v2\/media?parent=2096"}],"wp:term":[{"taxonomy":"category","embeddable":true,"href":"https:\/\/www.forchem.com\/fi\/wp-json\/wp\/v2\/categories?post=2096"},{"taxonomy":"post_tag","embeddable":true,"href":"https:\/\/www.forchem.com\/fi\/wp-json\/wp\/v2\/tags?post=2096"}],"curies":[{"name":"wp","href":"https:\/\/api.w.org\/{rel}","templated":true}]}}